{"id":7450,"date":"2017-03-28T00:00:25","date_gmt":"2017-03-28T03:00:25","guid":{"rendered":"https:\/\/elos360.com.br\/?p=378"},"modified":"2021-07-12T15:31:57","modified_gmt":"2021-07-12T18:31:57","slug":"o-que-voce-tem-mostrado-no-seu-curriculo","status":"publish","type":"post","link":"https:\/\/elos360.com.br\/index.php\/2017\/03\/28\/o-que-voce-tem-mostrado-no-seu-curriculo\/","title":{"rendered":"O que voc\u00ea tem mostrado no seu curr\u00edculo?"},"content":{"rendered":"<p>Pode parecer m\u00f3rbido, mas sinto que damos mais valor \u00e0 vida quando estamos pr\u00f3ximos da morte. Quanto mais pr\u00f3ximo ou consciente da morte, menos m\u00e1scaras, superficialidades, mentiras, ego, desperd\u00edcios ( de tempo e de energia), enfim, mais pr\u00f3ximos ficamos do que \u00e9 essencial nessa curta exist\u00eancia.<br \/>\nCostumo dizer que somos inquilinos de nosso corpo e podemos ser mandados embora sem aviso pr\u00e9vio. Uma verdade pouco refletida diante do automatismo que a maioria das pessoas tem vivido. Elas est\u00e3o t\u00e3o anestesiadas e iludidas que nem percebem que est\u00e3o repetindo uma programa\u00e7\u00e3o mental antiga e ineficiente. Poucos com maior consci\u00eancia fazem diferente, n\u00e3o repetem destinos e param de dar corda ao ciclo vicioso do sofrimento. Entretanto, a maior parcela da humanidade, conforme Dr. Inacio de Loyola, &#8220;est\u00e1 evoluindo a passos de lesma&#8221;, e digo mais, ocupando e preocupando em sobreviver ou viver de acordo com valores do ego. Sabe aquela m\u00e1xima de comprar com o que n\u00e3o tem para agradar quem n\u00e3o conhece?<br \/>\n<strong style=\"font-weight: bold;\">Lidando com as falsas verdades<\/strong><br \/>\nAprendemos tantas falsas verdades e fomos condicionados a pensar que &#8220;tem que ser assim&#8221;, &#8221; \u00e9 isso que temos&#8221;, &#8221; \u00e9 assim que somos&#8221;, &#8221; o certo \u00e9 &#8230;&#8221; O nosso ego criou uma zona de conquista ou de conforto. A partir desse lugar a mente n\u00e3o precisa estar presente nem fazer novas conex\u00f5es diante dos novos est\u00edmulos do momento. Ela simplesmente recorre a essa zona de programa\u00e7\u00f5es antigas e guardadas como um trof\u00e9u.<br \/>\nQuantas pessoas seguem cegamente essas &#8221; verdades&#8221; e vivem esse paradigma de estudar para trabalhar para ganhar dinheiro para casar para ter filhos para trabalhar ainda mais para consumir ainda mais e agradar e ser aceito pela sociedade que dita os valores que foram aprendidos no passado e engolidos no presente?<br \/>\nQuantos ainda acreditam que o importante <u><strong style=\"font-weight: bold;\">\u00e9 ter e n\u00e3o ser<\/strong><\/u>? Quantos descobriram que nem importa tanto ter, mas parecer que tem? Quantos d\u00e3o valor e conceituam desenvolvimento pela compra de um carro novo ou uma casa maior? Admiro Edgar Morin quando diz que o conceito de desenvolvimento \u00e9 subdesenvolvido! Quantos ainda trabalham ou criam uma empresa s\u00f3 para ganhar dinheiro? Quantos pa\u00edses ainda medem seu desenvolvimento pelo PIB ( produto interno bruto) e quantos de n\u00f3s nos alegramos quando ouvimos falar que existem pa\u00edses e at\u00e9 empresas que est\u00e3o medindo seu desenvolvimento pelo FIB (Felicidade Interna Bruta) E como conseguimos ser felizes?<br \/>\nN\u00e3o tem receita: mas ingredientes essenciais como gratid\u00e3o, integridade, f\u00e9, amor e bondade. Ainda n\u00e3o conhe\u00e7o algu\u00e9m verdadeiramente feliz sem esses ingredientes!<br \/>\n<strong style=\"font-weight: bold;\">Curr\u00edculo profissional ou pessoal? O que vale mais?<\/strong><br \/>\nQuantos ainda selecionam colaboradores pelo curr\u00edculo profissional, que apenas nos mostra as datas e os locais de trabalho e o que fizeram profissionalmente no passado?<br \/>\nSe somos esp\u00edritos vivendo em um corpo por um curto est\u00e1gio, o mais coerente \u00e9 saber como vivemos, se encontramos o caminho da verdade e da integridade, quanta bondade fizemos e o quanto aprendemos a amar.<br \/>\nQue pena a humanidade ter perdido sua ess\u00eancia e seu prop\u00f3sito! O sofrimento que vemos e sentimos s\u00f3 \u00e9 o indicador que nossa alma utiliza para mostrar esse afastamento e a distor\u00e7\u00e3o de valores que perdemos ao longo dessa jornada! At\u00e9 quando as pessoas precisar\u00e3o passar pelo caminho da dor para despertar para o essencial?<br \/>\nConcordo com Gilberto Dimenstein quando ele diz que somos do tamanho da nossa contribui\u00e7\u00e3o.<br \/>\nH\u00e1 tempos deixei de buscar o que j\u00e1 estava dentro de mim. H\u00e1 tempos simplifiquei minhas cren\u00e7as e minha vida para me aproximar do essencial (que de verdade \u00e9 invis\u00edvel aos olhos!). H\u00e1 tempos sinto-me realizada em trabalhar a servi\u00e7o do meu prop\u00f3sito. E como ainda me percebo \u00a0desperdi\u00e7ando meu tempo e tendo que me policiar quanto ao meu ego!<br \/>\nSei que o caminho se faz ao caminhar e que o que vale \u00e9 o valor que temos, n\u00e3o nossas posses, t\u00edtulos ou cargos. Mas temos muito ch\u00e3o pela frente nessa jornada de evolu\u00e7\u00e3o. Como o mundo seria melhor se as pessoas se ocupassem em viver e se relacionar de acordo com princ\u00edpios essenciais. E quem sabe, consegu\u00edssemos mostrar que o curr\u00edculo mais importante nessa vida \u00e9 o depois da morte!<\/p>\n<div class=\"clearfix\"><\/div>","protected":false},"excerpt":{"rendered":"<p>Pode parecer m\u00f3rbido, mas sinto que damos mais valor \u00e0 vida quando estamos pr\u00f3ximos da&#8230;<\/p>\n","protected":false},"author":2,"featured_media":379,"comment_status":"open","ping_status":"open","sticky":false,"template":"","format":"standard","meta":{"footnotes":""},"categories":[46],"tags":[],"class_list":["post-7450","post","type-post","status-publish","format-standard","has-post-thumbnail","hentry","category-consigo-mesmo"],"_links":{"self":[{"href":"https:\/\/elos360.com.br\/index.php\/wp-json\/wp\/v2\/posts\/7450","targetHints":{"allow":["GET"]}}],"collection":[{"href":"https:\/\/elos360.com.br\/index.php\/wp-json\/wp\/v2\/posts"}],"about":[{"href":"https:\/\/elos360.com.br\/index.php\/wp-json\/wp\/v2\/types\/post"}],"author":[{"embeddable":true,"href":"https:\/\/elos360.com.br\/index.php\/wp-json\/wp\/v2\/users\/2"}],"replies":[{"embeddable":true,"href":"https:\/\/elos360.com.br\/index.php\/wp-json\/wp\/v2\/comments?post=7450"}],"version-history":[{"count":1,"href":"https:\/\/elos360.com.br\/index.php\/wp-json\/wp\/v2\/posts\/7450\/revisions"}],"predecessor-version":[{"id":8553,"href":"https:\/\/elos360.com.br\/index.php\/wp-json\/wp\/v2\/posts\/7450\/revisions\/8553"}],"wp:featuredmedia":[{"embeddable":true,"href":"https:\/\/elos360.com.br\/index.php\/wp-json\/wp\/v2\/menu-items\/379"}],"wp:attachment":[{"href":"https:\/\/elos360.com.br\/index.php\/wp-json\/wp\/v2\/media?parent=7450"}],"wp:term":[{"taxonomy":"category","embeddable":true,"href":"https:\/\/elos360.com.br\/index.php\/wp-json\/wp\/v2\/categories?post=7450"},{"taxonomy":"post_tag","embeddable":true,"href":"https:\/\/elos360.com.br\/index.php\/wp-json\/wp\/v2\/tags?post=7450"}],"curies":[{"name":"wp","href":"https:\/\/api.w.org\/{rel}","templated":true}]}}