{"id":7360,"date":"2020-07-22T18:13:47","date_gmt":"2020-07-22T21:13:47","guid":{"rendered":"https:\/\/elos360.com.br\/?p=7360"},"modified":"2021-07-12T15:23:19","modified_gmt":"2021-07-12T18:23:19","slug":"o-quanto-a-pandemia-contribuiu-com-as-mudancas-das-empresas","status":"publish","type":"post","link":"https:\/\/elos360.com.br\/index.php\/2020\/07\/22\/o-quanto-a-pandemia-contribuiu-com-as-mudancas-das-empresas\/","title":{"rendered":"O quanto a pandemia contribui com a mudan\u00e7a das empresas"},"content":{"rendered":"\n<p>Nossa&nbsp;hist\u00f3ria \u00e9 marcada por muitos campos de&nbsp;mem\u00f3ria, sendo os mais&nbsp;profundos provocados pela escassez, pelas guerras, pelas grandes descobertas e pestes.&nbsp;<\/p>\n\n\n\n<p>Toda grande revolu\u00e7\u00e3o ou pandemia trouxe morte, caos, crises, mas tamb\u00e9m oportunidades e uma nova realidade a partir de uma disrup\u00e7\u00e3o, ou seja, um ponto de ruptura&nbsp;entre o antigo e novo, um salto de uma consci\u00eancia para uma outra mais elevada.<\/p>\n\n\n\n<p>Toda nova era ou contextos passados revelaram novas necessidades que&nbsp;estruturas, modelos e sistemas anteriores ou tradicionais demostraram ser &nbsp;incapazes de lidar.&nbsp;<\/p>\n\n\n\n<p>Por mais que estamos vivendo em uma nova era, com abund\u00e2ncia (e infelizmente com desigualdade,&nbsp;desperd\u00edcio e destrui\u00e7\u00e3o), sem amea\u00e7a de guerra, e sim, vivendo a pandemia da COVID-2, os tempos s\u00e3o outros.&nbsp;<\/p>\n\n\n\n<p>Temos mais conhecimento,&nbsp;informa\u00e7\u00e3o, tecnologia, mas mesmo assim, a&nbsp;&nbsp;maioria das pessoas, lideran\u00e7as e empresas n\u00e3o est\u00e3o sabendo atuar neste novo ambiente mais conectado, din\u00e2mico e veloz.&nbsp;<\/p>\n\n\n\n<p>A insist\u00eancia ou a&nbsp;perpetua\u00e7\u00e3o da&nbsp;mentalidade anterior para resolver os novos e mais complexos problemas s\u00f3 trouxeram mais problemas e adoeceram o sistema como um todo.&nbsp;<\/p>\n\n\n\n<p>Sim, n\u00e3o temos certezas de nada, mas o caminho que estamos sendo convidados \u00e0 trilhar \u00e9 ampliar a consci\u00eancia para uma nova mentalidade.  <\/p>\n\n\n\n<p>\u00c9 esta mudan\u00e7a de &#8220;mindset&#8221; que traz o&nbsp;senso de&nbsp;urg\u00eancia para outras mudan\u00e7as e transforma\u00e7\u00f5es e faz com que&nbsp;v\u00e1rios movimentos espalhados pelo mundo sejam criados para energizar esta&nbsp;disrup\u00e7\u00e3o. A Elos360 \u00e9 um deles.<\/p>\n\n\n\n<p>Por mais que a humanidade adquiriu mais conhecimento,&nbsp;informa\u00e7\u00e3o e tecnologia, a&nbsp;&nbsp;maioria das pessoas, lideran\u00e7as e empresas n\u00e3o est\u00e3o sabendo atuar neste novo ambiente mais conectado, din\u00e2mico e veloz.&nbsp;<\/p>\n\n\n\n<p>Ser\u00e1 que a pandemia contribuiu para esta profunda mudan\u00e7a de mentalidade?<\/p>\n\n\n\n<h2 class=\"wp-block-heading\"><strong>A realidade da Pandemia e seu reflexo nas mudan\u00e7as<\/strong><\/h2>\n\n\n\n<p>Se as mudan\u00e7as j\u00e1 estavam aceleradas e o contexto j\u00e1 exigia mudan\u00e7as, a Pandemia acelerou este processo de forma exponencial.<\/p>\n\n\n\n<p>Isto \u00e9 fato. Em pouco tempo, muitas pessoas foram tiradas da sua zona de conforto e for\u00e7adas a entrar numa zona de caos e nova realidade.&nbsp;<\/p>\n\n\n\n<p>Muitas pessoas e empresas aprenderam na marra uma nova linguagem: digital.<\/p>\n\n\n\n<p>Em pouco tempo, muitos que estavam no piloto autom\u00e1tico ca\u00edram na real e perceberam que o mundo \u00e9 incerto, sist\u00eamico e org\u00e2nico. <\/p>\n\n\n\n<p>Ou seja, somos e fazemos parte de sistemas vivos que est\u00e3o em constante mudan\u00e7a e, precisamos, urgentemente mudar juntos para criar uma nova realidade.<\/p>\n\n\n\n<p>Para muitos pragm\u00e1ticos, este pode ser um discurso hippie, mas basta olhar para os fatos e para as muitas pr\u00e1ticas, como o planejamento de longo prazo para perceber a perda de validade e os preju\u00edzos da &#8220;persist\u00eancia\u201d.&nbsp;<\/p>\n\n\n\n<p>Sabe aquela cren\u00e7a de que chegamos aqui daquela forma e tem que ser assim? Trabalho a dist\u00e2ncia n\u00e3o funciona ou para ter produtividade \u00e9 preciso ficar em cima?&nbsp;<\/p>\n\n\n\n<p>A pandemia provou o contr\u00e1rio. T\u00e1 certo que muitos perderam o ch\u00e3o e a seguran\u00e7a de como lidar com as novas necessidades do momento. Mas muitos outros se reinventaram rapidamente.<\/p>\n\n\n\n<h3 class=\"wp-block-heading\">Segue alguns exemplos de mudan\u00e7as: &nbsp;<\/h3>\n\n\n\n<h4 class=\"wp-block-heading\"><strong>Modelo de neg\u00f3cio<\/strong><\/h4>\n\n\n\n<p>Muitas empresas mudaram o seu&nbsp;modelo de neg\u00f3cio, ou seja, o seu jeito de levar os seus produtos e servi\u00e7os ao cliente.&nbsp;<\/p>\n\n\n\n<p>Em tr\u00eas meses, muitas empresas fizeram uma&nbsp;revolu\u00e7\u00e3o digital e passaram a vender online.&nbsp;Hoje em pesquisas recentes desenvolvidas pelo Comit\u00ea de M\u00e9tricas da C\u00e2mara Brasileira de Comercio Eletr\u00f4nico) registraram uma alta de 42,31% das vendas online em mar\u00e7o deste ano.&nbsp;<\/p>\n\n\n\n<p>Aquelas que j\u00e1 tinham e estavam&nbsp;fortalecendo uma cultura digital, como o Magalu, sa\u00edram na frente e&nbsp;n\u00e3o foram t\u00e3o afetadas quanto aquelas que demoram a fazer a mudan\u00e7a.<\/p>\n\n\n\n<h4 class=\"wp-block-heading\"><strong>Modelo operacional<\/strong><\/h4>\n\n\n\n<p>Modelo operacional pode ser entendido como o jeito de fazer as coisas e o que mais influencia nesta dire\u00e7\u00e3o s\u00e3o os valores.&nbsp;<\/p>\n\n\n\n<p>O novo contexto tem exigido muito mais velocidade do que excel\u00eancia, muito mais inova\u00e7\u00e3o do que estabilidade, muito mais transpar\u00eancia e consci\u00eancia do que pre\u00e7o, muito mais simplicidade e praticidade do que status e ostenta\u00e7\u00e3o.&nbsp;<\/p>\n\n\n\n<p>O n\u00edvel de consci\u00eancia do consumidor mudou. Na verdade temos v\u00e1rios n\u00edveis de consci\u00eancia atuando no mesmo contexto. Mas, cada vez mais, a escolha pela vida como um todo e pelo bem comum tem aumentado.&nbsp;<\/p>\n\n\n\n<p>Novas necessidades como velocidade, simplicidade, praticidade, inclus\u00e3o, cuidar do bem comum influenciam valores &nbsp;e cada vez mais eles tem afetado o jeito de fazer as coisas.&nbsp;<\/p>\n\n\n\n<p>Quantas trag\u00e9dias aconteceram por conta de um modelo operacional r\u00edgido e exclusivamente focado na redu\u00e7\u00e3o de custos e produtividade?&nbsp;<\/p>\n\n\n\n<p>Mas modelo operacional \u00e9 s\u00f3 a camada superficial &nbsp;criada por outros tipo de&nbsp;modelos, como o pol\u00edtico e o mental.<\/p>\n\n\n\n<h4 class=\"wp-block-heading\"><strong>Modelo pol\u00edtico<\/strong><\/h4>\n\n\n\n<p>Algumas&nbsp;empresas foram al\u00e9m e est\u00e3o em processo de mudan\u00e7a do seu&nbsp;modelo pol\u00edtico, ou seja, no seu&nbsp;jeito de decidir e lidar com poder, autoridade e&nbsp;informa\u00e7\u00e3o.<\/p>\n\n\n\n<p>A&nbsp;maioria das empresas repetem o modelo vertical e hier\u00e1rquico de poder e&nbsp;autoridade e centralizam as informa\u00e7\u00f5es e decis\u00f5es numa minoria que fica no topo ou no&nbsp;\u201cpuleiro\u201d.&nbsp;<\/p>\n\n\n\n<p>Esta estrutura, por sua vez, incita uma&nbsp;gest\u00e3o por comando, controle e previs\u00e3o e&nbsp;coloca&nbsp;muito poder nas m\u00e3os de poucos, que por sua vez, contrata mais pessoas para estar neste papel e cria mais cargos, processos e sistemas para garantir o controle e os resultados esperados.&nbsp;<\/p>\n\n\n\n<p>A recente pesquisa da Gallup sobre este tipo de gest\u00e3o tradicional j\u00e1 mostrou que \u00e9 ineficaz.&nbsp;<\/p>\n\n\n\n<p>Cada vez mais, tem se provado que as empresas que tem um modelo org\u00e2nico, ou seja, mais descentralizado, colaborativo, humanizado e com prop\u00f3sito superior tem dado mais resultados e&nbsp;resistido melhor as adversidades.&nbsp;<\/p>\n\n\n\n<p>Para mudar este modelo pol\u00edtico que afeta diretamente a estrutura e o design&nbsp;cultural de uma empresa \u00e9&nbsp;preciso mudar o que na pesquisa da Tanure (resumo abaixo) revelou que ainda falta: o modelo mental<\/p>\n\n\n\n<h4 class=\"wp-block-heading\"><strong>Um exemplo de mudan\u00e7a 360<\/strong><\/h4>\n\n\n\n<p>A&nbsp;ag\u00eancia Suave Comunica\u00e7\u00e3o \u00e9 um cliente da Elos360 e um bom exemplo de uma empresa&nbsp;familiar&nbsp;com 18 anos de sucesso e que est\u00e1 se reinventando 360 graus.&nbsp;<\/p>\n\n\n\n<p>Al\u00e9m de rever o seu jeito de funcionar e acelerar o digital para gerar mais&nbsp;valor aos seus clientes,&nbsp;&nbsp;a Suave Comunica\u00e7\u00e3o est\u00e1 em processo de&nbsp;mudan\u00e7a de todos os seus modelos, inclusive os mais profundos e respons\u00e1veis&nbsp;pelo os demais: o modelo pol\u00edtico e o modelo&nbsp;mental.<\/p>\n\n\n\n<h4 class=\"wp-block-heading\"><strong>Modelo mental<\/strong><strong><\/strong><\/h4>\n\n\n\n<p>O modelo mental \u00e9 o jeito de pensar. S\u00e3o as&nbsp;cren\u00e7as, as convic\u00e7\u00f5es, e os princ\u00edpios que&nbsp;definem o seu jeito de ser, estar e se relacionar no mundo.&nbsp;<\/p>\n\n\n\n<p>\u00c9 esta mentalidade que molda a cultura de uma&nbsp;organiza\u00e7\u00e3o e \u00e9&nbsp;respons\u00e1vel&nbsp;pela sua diferencia\u00e7\u00e3o no mundo.&nbsp;<\/p>\n\n\n\n<p>Uma das perguntas do sistema B que fomenta um ecossistema de empresas conscientes e que geram impacto positivo o mundo \u00e9: se a sua empresa deixasse de existir, qual seria o&nbsp;impacto no mundo?&nbsp;<\/p>\n\n\n\n<p>Ao contr\u00e1rio da mentalidade tradicional regida pelo ego que busca extrair, conquistar e acumular para ser a maior e a melhor do mundo, o novo modelo mental das empresas que est\u00e3o operando sob uma consci\u00eancia mais ampla \u00e9 busca gerar valor, ser economicamente saud\u00e1vel e impactar positivamente para ser a melhor para o mundo.&nbsp;<\/p>\n\n\n\n<h2 class=\"wp-block-heading\"><strong>Pandemia, pesquisas e mudan\u00e7as<\/strong><\/h2>\n\n\n\n<p>O resumo da pesquisa&nbsp;realizada em junho de 2020 pela Betania Tanure sobre o impacto da pandemia na cultura das organiza\u00e7\u00f5es foi que &#8220;a pandemia mudou o jeito de fazer das empresas, mas elas n\u00e3o mudaram ainda o seu jeito de ser&#8221;.&nbsp;<\/p>\n\n\n\n<p>O protagonismo aumentou 70%, a&nbsp;liberdade de trabalhar do seu jeito 65%, a autonomia 60%, a&nbsp;confian\u00e7a da&nbsp;delega\u00e7\u00e3o com resultados 59%, a proximidade entre pessoas de diferentes&nbsp;n\u00edveis&nbsp;hier\u00e1rquicos 54%,&nbsp;<\/p>\n\n\n\n<p>O que n\u00e3o aumentou e permaneceu igual foi: a coragem para falar a verdade que precisa ser dita, a centraliza\u00e7\u00e3o das&nbsp;decis\u00f5es, a postura de dono da verdade.<\/p>\n\n\n\n<p>De acordo com a pesquisa, &#8220;mesmo que o controle sobre as pessoas diminu\u00edram 52%, o controle sobre os resultados aumentou&#8221;. &nbsp;<\/p>\n\n\n\n<h2 class=\"wp-block-heading\">Resumo<\/h2>\n\n\n\n<p>Ao mesmo tempo que a pandemia ajudou na grande transforma\u00e7\u00e3o da cultura digital, ela tamb\u00e9m aumentou a cultura da doa\u00e7\u00e3o, contribuiu para uma vis\u00e3o e a\u00e7\u00e3o mais sist\u00eamica, estimulou processos colaborativos, e quebrou alguns paradigmas e cren\u00e7as limitantes quanto a gest\u00e3o com mais autonomia, liberdade e home office.&nbsp;<\/p>\n\n\n\n<p>Mesmo assim, a pandemia por si s\u00f3 n\u00e3o foi e nem \u00e9 capaz de transformar a&nbsp;mentalidade de escassez do sistema coletivo, sendo ainda um&nbsp;potencializador para&nbsp;emo\u00e7\u00f5es e rea\u00e7\u00f5es de sobreviv\u00eancia, como medo, inseguran\u00e7a e ansiedade para muitos.<\/p>\n\n\n\n<p>Se por um lado a pandemia acelerou muitas mudan\u00e7as, em especial a inclus\u00e3o no universo digital, ela continua um convite para mudan\u00e7as mais profundas como: o que vale a pena, o que \u00e9 essencial e quem eu quer ser neste novo cap\u00edtulo da hist\u00f3ria. <\/p>\n\n\n\n<p>Este campo existencial, por sua, exige a tal mudan\u00e7a de mentalidade.<\/p>\n\n\n\n<p>E mudar a mentalidade, por sua vez, \u00e9 uma jornada de evolu\u00e7\u00e3o que precisa de vontade genu\u00edna e um processo que n\u00e3o tem receita, mas \u00e9 revelado e co-constru\u00eddo.&nbsp;&nbsp;<\/p>\n\n\n\n<p>Quer saber como? Entre em contato com a mentoria sist\u00eamica da<a href=\"https:\/\/elos360.com.br\"> ELOS360<\/a>.&nbsp;<\/p>\n\n\n\n<p>Vamos juntos construir uma melhor hist\u00f3ria;)<\/p>\n<div class=\"clearfix\"><\/div>","protected":false},"excerpt":{"rendered":"<p>Nossa&nbsp;hist\u00f3ria \u00e9 marcada por muitos campos de&nbsp;mem\u00f3ria, sendo os mais&nbsp;profundos provocados pela escassez, pelas guerras,&#8230;<\/p>\n","protected":false},"author":2,"featured_media":7362,"comment_status":"closed","ping_status":"open","sticky":false,"template":"","format":"standard","meta":{"footnotes":""},"categories":[1],"tags":[87,137],"class_list":["post-7360","post","type-post","status-publish","format-standard","has-post-thumbnail","hentry","category-sem-categoria","tag-mudancas","tag-mudancas-na-pandemia"],"_links":{"self":[{"href":"https:\/\/elos360.com.br\/index.php\/wp-json\/wp\/v2\/posts\/7360","targetHints":{"allow":["GET"]}}],"collection":[{"href":"https:\/\/elos360.com.br\/index.php\/wp-json\/wp\/v2\/posts"}],"about":[{"href":"https:\/\/elos360.com.br\/index.php\/wp-json\/wp\/v2\/types\/post"}],"author":[{"embeddable":true,"href":"https:\/\/elos360.com.br\/index.php\/wp-json\/wp\/v2\/users\/2"}],"replies":[{"embeddable":true,"href":"https:\/\/elos360.com.br\/index.php\/wp-json\/wp\/v2\/comments?post=7360"}],"version-history":[{"count":1,"href":"https:\/\/elos360.com.br\/index.php\/wp-json\/wp\/v2\/posts\/7360\/revisions"}],"predecessor-version":[{"id":8311,"href":"https:\/\/elos360.com.br\/index.php\/wp-json\/wp\/v2\/posts\/7360\/revisions\/8311"}],"wp:featuredmedia":[{"embeddable":true,"href":"https:\/\/elos360.com.br\/index.php\/wp-json\/"}],"wp:attachment":[{"href":"https:\/\/elos360.com.br\/index.php\/wp-json\/wp\/v2\/media?parent=7360"}],"wp:term":[{"taxonomy":"category","embeddable":true,"href":"https:\/\/elos360.com.br\/index.php\/wp-json\/wp\/v2\/categories?post=7360"},{"taxonomy":"post_tag","embeddable":true,"href":"https:\/\/elos360.com.br\/index.php\/wp-json\/wp\/v2\/tags?post=7360"}],"curies":[{"name":"wp","href":"https:\/\/api.w.org\/{rel}","templated":true}]}}