{"id":6844,"date":"2020-03-30T18:03:50","date_gmt":"2020-03-30T21:03:50","guid":{"rendered":"https:\/\/elos360.com.br\/?p=6844"},"modified":"2021-07-12T15:24:31","modified_gmt":"2021-07-12T18:24:31","slug":"o-mundo-mudou-mas-e-voce","status":"publish","type":"post","link":"https:\/\/elos360.com.br\/index.php\/2020\/03\/30\/o-mundo-mudou-mas-e-voce\/","title":{"rendered":"O mundo mudou, mas e voc\u00ea?"},"content":{"rendered":"\n<p>\u00a0O mundo mudou, as necessidades mudaram e uma nova consci\u00eancia revela o quanto a mentalidade tamb\u00e9m precisa mudar para encerrar este ciclo de sofrimento e perpetua\u00e7\u00e3o de sintomas e crises provocados pelo modelo mental vigente do sistema coletivo.\u00a0<\/p>\n\n\n<p><br \/>Estes \u00a0sintomas e crises, por sua vez, s\u00e3o apenas indicadores de necessidades n\u00e3o atendidas e de urgentes mudan\u00e7as e transforma\u00e7\u00f5es para uma\u00a0mentalidade capaz de resolver os\u00a0problemas criados pelos\u00a0paradigmas\u00a0anteriores.\u00a0<\/p>\n\n\n<h2 class=\"wp-block-heading\">Um novo n\u00edvel de consci\u00eancia, uma nova mentalidade<\/h2>\n\n\n<p>Consci\u00eancia \u00e9 a percep\u00e7\u00e3o do que acontece dentro e fora do indiv\u00edduo. Uma nova consci\u00eancia, portanto, \u00e9 o que acontece quando se sobe um degrau na escada espiralada de evolu\u00e7\u00e3o e consegue enxergar a partir de uma perspectiva maior, mais integrada e mais sist\u00eamica.<\/p>\n\n\n<p>De acordo com Ken\u00a0Wilber, o psic\u00f3logo de maior refer\u00eancia sobre as quest\u00f5es da consci\u00eancia e evolu\u00e7\u00e3o, \u201ca consci\u00eancia pode ser entendida com um sistema formador e tomador de perspectiva que cria, coleta e organiza pontos de vistas mais profundos, amplos e sofisticados ao se desenvolver\u201d.\u00a0<\/p>\n\n\n<p>Desta forma, se uma pessoa enxerga o mundo a partir de sua perspectiva e busca atender somente suas necessidades, a consci\u00eancia que se tem de mundo \u00e9 t\u00e3o pequena, limitada e restrita quanto a sua rela\u00e7\u00e3o com o mundo. <\/p>\n\n\n<p>\u00c9 por isso que \u00e9 compreens\u00edvel quando uma pessoa joga lixo no ch\u00e3o. Ela simplesmente resolve o problema do seu mundinho, uma vez que  n\u00e3o se sente pertencente ou conectada com o mundo l\u00e1 fora. <\/p>\n\n\n<p>Por outro lado, quando se tem uma consci\u00eancia mais expandida, a pessoa sabe que faz parte de um mundo maior e que sua a\u00e7\u00e3o causa um impacto no sistema coletivo que faz parte. Fazemos parte de uma mesma rede sist\u00eamica!<\/p>\n\n\n<p>Quem joga o lixo fora, por sua vez, n\u00e3o sabe que n\u00e3o existe fora. Tudo \u00e9 dentro e faz parte de um mesmo todo, que por sua vez, busca o bem comum e \u00e9 guiado pela ess\u00eancia , acessada em altos n\u00edveis de consci\u00eancia. <\/p>\n\n\n<p>Entretanto, quem tem um baixo n\u00edvel de consci\u00eancia \u00e9 guiado pelo ego que julga, exclui, compete, compara e busca ter poder sobre o outro, assim como o melhor somente para si.<\/p>\n\n\n<p>A consci\u00eancia e\u00a0mentalidade\u00a0sist\u00eamica retira os v\u00e9us da ilus\u00e3o de uma vis\u00e3o limitada, simplista, mecaniscista, separatista e individualista e nos revela o quanto fazemos parte de um todo interconectado e em constante movimento de expans\u00e3o e integra\u00e7\u00e3o.<\/p>\n\n\n<p>Este processo evolutivo faz parte da natureza de todos os sistemas vivos, seja um indiv\u00edduo ou seja um coletivo.<\/p>\n\n\n<p>Todos estamos seguindo os mesmos princ\u00edpios, como a pertin\u00eancia, a ordem e o equil\u00edbrio e sendo regidos pelas mesmas leis invis\u00edveis como a gravidade e o amor.<\/p>\n\n\n<p>Sim, o amor. Quando desrespeitamos as leis naturais ou nos afastamos da for\u00e7a mais poderosa que existe de expans\u00e3o e integra\u00e7\u00e3o que \u00e9 o amor, sofremos. <\/p>\n\n\n<p>Este sofrimento, por sua vez, \u00e9 s\u00f3 um indicador que o fluxo do Amor foi interrompido e precisa ser restaurado. Simples assim.\u00a0<\/p>\n\n\n<h3 class=\"wp-block-heading\">O que impede e dificulta o processo de evolu\u00e7\u00e3o?<\/h3>\n\n\n<p>O que impede \u00e9 a mente que mente, a mentalidade fechada, r\u00edgida e fixa que bloqueia qualquer movimento novo e resiste a qualquer mudan\u00e7a.<br \/><\/p>\n\n\n<p>O que dificulta \u00e9 o ego que reina e procura atender apenas as necessidades do \u201cfalso eu\u201d, daquele que se identifica e precisa comparar, competir e repetir o padr\u00e3o pr\u00e9-estabelecido para se sentir confort\u00e1vel e sob controle.<br \/><\/p>\n\n\n<p>O que complica \u00e9 a crian\u00e7a interna, que n\u00e3o sabe lidar com frustra\u00e7\u00e3o, \u00e9 regida pelo princ\u00edpio do prazer e exige que tudo e todos atendam as suas necessidades na hora e do jeito que quer, caso contr\u00e1rio, ela emburra, fica de mal, agride, se vitimiza, amea\u00e7a, se exclui e bloqueia o sujeito de toda a sua rede social.\u00a0<\/p>\n\n\n<p>Quando se evolui, a pessoa amplia a\u00a0consci\u00eanciaa mente, domina o ego, amadurece e se aproxima do Amor. O seu ser se expande e integra tudo e todos de forma harmoniosa, sem julgamento e com aceita\u00e7\u00e3o e compaix\u00e3o.\u00a0<\/p>\n\n\n<p>Por outro lado, quando o sujeito n\u00e3o evolui, ou seja, sua mente bloqueia, seu ego domina e suas a\u00e7\u00f5es s\u00e3o imaturas e ignorantes, o sofrimento \u00e9 criado inconscientemente pela a sua pr\u00f3pria ess\u00eancia, que \u00e9 divina, perfeita, abundante e iluminada como uma forma de despertar, aquebrantar, chacoalhar e retomar o fluxo amoroso interrompido.\u00a0<\/p>\n\n\n<p>\u00c9 s\u00f3 olhar para o mundo l\u00e1 fora para ver o quanto ele est\u00e1 doente e em crise. E este sistema coletivo \u00e9 apenas o reflexo do mundo interno de milhares de pessoas.\u00a0<\/p>\n\n\n<p>N\u00e3o \u00e9 \u00e0 toa que o \u00edndice de doen\u00e7as mentais como depress\u00e3o, p\u00e2nico, ansiedade est\u00e1 alt\u00edssimo, assim como suic\u00eddios e outros sintomas como burn out, ataques card\u00edacos, avcs entre outros decorrente de stress. Isso sem falar na pandemia que nos convida a voltar para dentro,\u00a0desacelerar, focar no\u00a0essencial e cuidar do\u00a0sistema coletivo.\u00a0<\/p>\n\n\n<p>A urg\u00eancia pela\u00a0mudan\u00e7a\u00a0do sistema s\u00f3 provoca mais sintomas e resist\u00eancia do modelo mental operante. Quando cristalizado, o sistema coletivo faz de tudo\u00a0para manter sua\u00a0estrutura,\u00a0cultura e pr\u00e1ticas. <\/p>\n\n\n<p>A n\u00e3o adequa\u00e7\u00e3o do sistema \u00e0s novas condi\u00e7\u00f5es do\u00a0ambiente e o n\u00e3o atendimento de suas novas necessidades, por sua vez, cria cada vez mais sintomas. O novo \u00e9 desejado e rejeitado,\u00a0paradoxalmente.\u00a0<\/p>\n\n\n<p>A mentalidade fixa segue a\u00a0repeti\u00e7\u00e3o de c\u00f3digos mentais chamado cren\u00e7as, que impede o \u00a0processo de mudan\u00e7a e cria um movimento de fora para dentro, ou seja, o passado ou o coletivo\u00a0imp\u00f5e ao\u00a0indiv\u00edduo o que considera real, certo, bom, aceito e poss\u00edvel. <\/p>\n\n\n<p>O que, por sua vez, o afasta o da sua pr\u00f3pria individualidade e singularidade, privando o da experi\u00eancia de ser \u00a0livre e ao mesmo tempo pertencente ao seu sistema coletivo. <\/p>\n\n\n<p>Ou seja, \u00a0a mente que mente diz ao\u00a0indiv\u00edduo: \u00a0&#8221; para\u00a0voc\u00ea pertencer voc\u00ea tem que repetir seus antecessores e seguir a tradi\u00e7\u00e3o do sistema&#8221;. \u00a0<\/p>\n\n\n<p>\u00a0Quem nunca ouviu falar da express\u00e3o \u201covelha negra da fam\u00edlia\u201d, \u201cfilho desgarrado\u201d, \u201crebelde\u201d e \u201crevoltado\u201d para aqueles que simplesmente quebraram um padr\u00e3o familiar para respeitar sua individualidade e seguir os seus pr\u00f3prios sonhos? Quem nunca ouviu falar de hist\u00f3rias de fam\u00edlias que expulsaram filhos que escolherem este caminho diferente?\u00a0\u00a0<\/p>\n\n\n<p>Muitas vezes por medo ou por uma lealdade sist\u00eamica inconsciente os filhos recebem tudo de seus pais e os seguem cegamente repetindo a mentalidade fixa e o destino que o aguarda de bra\u00e7os abertos por ter sido t\u00e3o obediente.\u00a0<\/p>\n\n\n<p>O pre\u00e7o, pela \u201cescolha\u201d do novo, claro, \u00e9 muito caro, mas a cren\u00e7a limitante e equivocada por tr\u00e1s de tanto sacrif\u00edcio \u00e9 que:<em>\u00a0\u201ccomo recebi a vida dos meus pais, que \u00e9 o bem mais precioso que tenho, e eles se sacrificaram tanto por mim, eu tenho que ser obediente e sofrer igual para mostrar o meu amor e a minha gratid\u00e3o.\u201d<\/em>\u00a0<\/p>\n\n\n<h3 class=\"wp-block-heading\">Um caminho pela abertura<\/h3>\n\n\n<p>Quando se amplia o olhar para uma vis\u00e3o mais sist\u00eamica da vida, voc\u00ea abre espa\u00e7os para diferentes perspectivas e outras possibilidades, al\u00e9m do destino. N\u00e3o \u00e9 porque no passado foi assim e as gera\u00e7\u00f5es passadas sofreram assim ou escolheram tal caminho que seus descendentes precisam repetir de forma r\u00edgida! <\/p>\n\n\n<p>Pior, este processo de repeti\u00e7\u00e3o nem \u00e9 consciente, a maioria repete o mesmo jeito de pensar e se relacionar sem ter no\u00e7\u00e3o ou consci\u00eancia. Por isso a necessidade de ajuda externa e muito, mais muito desenvolvimento interno.<\/p>\n\n\n<p>Que tal criar um futuro diferente e mudar a hist\u00f3ria da fam\u00edlia e da sociedade em que faz parte? Que tal criar uma vida mais saud\u00e1vel, amorosa, feliz e abundante? Que tal ter uma empresa de impacto positivo?<\/p>\n\n\n<p>A  mentalidade sist\u00eamica e a constela\u00e7\u00e3o sist\u00eamica faz este movimento interno e prepara a pessoa para este novo cap\u00edtulo que permite acessar a ess\u00eancia, a criatividade e a liberdade para conseguir fazer diferente. <\/p>\n\n\n<p>Em outras palavras, a  mudan\u00e7a do mundo de fora depende da mudan\u00e7a do mundo de dentro. Bom como Gandhi disse.  Desta forma, desenvolver uma mentalidade sist\u00eamica come\u00e7a com olhar de forma: ampliada, integral, interdependente, madura,\u00a0consciente, inclusiva, positiva, compassiva, pr\u00f3-solu\u00e7\u00e3o, criativa, enfim:\u00a0amorosa e\u00a0evolutiva. \u00c9 este novo olhar que ajuda a se relacionar de forma diferente e criar novas possibilidades de presente e de futuro.<\/p>\n\n\n<h2 class=\"wp-block-heading\">Mas como de fato a mudan\u00e7a acontece? <\/h2>\n\n\n<p>A mudan\u00e7a de fora acontece porque a mentalidade e o trabalho sist\u00eamico harmoniza o indiv\u00edduo com o seu sistema familiar e muda o seu mundo interno, que por sua vez muda o sistema coletivo que faz parte. Assim como ondas que ressoam em um campo, uma nova consci\u00eancia permite uma abertura mental que cria espa\u00e7os  \u201cdevolver\u201d estas cren\u00e7as limitantes e  criar novas cren\u00e7as que possibilitam maior harmonia e sa\u00fade. <\/p>\n\n\n<p>Quando se mudam as cren\u00e7as, mudam os c\u00f3digos mentais dos campos de mem\u00f3ria ou informa\u00e7\u00e3o do indiviuo e do seu sistema coletivo. Assim como se faz um update no software de um computador, a mente recebe uma nova programa\u00e7\u00e3o sobre o que \u00e9 necess\u00e1rio, bom, adequado, poss\u00edvel e real. <\/p>\n\n\n<p>Desta forma, ao inv\u00e9s de carregar o peso do destino dos pais e de repetir as cren\u00e7as limitantes de sua ancestralidade e cultura social, o indiv\u00edduo pode dizer:\u00a0<em>\u201cAgora eu vejo, eu n\u00e3o preciso repetir para pertencer. Eu escolho fazer diferente e homenagear voc\u00eas com o que eu fizer melhor da minha vida.\u201d\u00a0<\/em><\/p>\n\n\n<p>Esta decis\u00e3o de iniciar um novo cap\u00edtulo de vida junto com uma nova mentalidade mais sist\u00eamica, mais consciente, mais ampliada, mais amorosa permite, assim,  uma mentalidade de crescimento que leva \u00e0 evolu\u00e7\u00e3o.\u00a0\u00a0Afinal, o mundo mudou, mas e voc\u00ea?<\/p>\n\n\n<p>Quer se aprofundar neste assunto para fazer uma revolu\u00e7\u00e3o ou uma evolu\u00e7\u00e3o na sua mentalidade ou na mentalidade da sua equipe e empresa? Entre em contato no site <a href=\"https:\/\/elos360.com.br\">Elos360<\/a> e me mande uma mensagem. Vamos conversar;)<em>\u00a0<\/em><\/p>\n<div class=\"clearfix\"><\/div>","protected":false},"excerpt":{"rendered":"<p>\u00a0O mundo mudou, as necessidades mudaram e uma nova consci\u00eancia revela o quanto a mentalidade&#8230;<\/p>\n","protected":false},"author":2,"featured_media":6851,"comment_status":"closed","ping_status":"open","sticky":false,"template":"","format":"standard","meta":{"footnotes":""},"categories":[46,1],"tags":[77,130,126,129,131,132],"class_list":["post-6844","post","type-post","status-publish","format-standard","has-post-thumbnail","hentry","category-consigo-mesmo","category-sem-categoria","tag-consciencia","tag-evolucao","tag-mentalidade","tag-mentalidade-sistemica","tag-mudanca-de-mundo","tag-paradigma"],"_links":{"self":[{"href":"https:\/\/elos360.com.br\/index.php\/wp-json\/wp\/v2\/posts\/6844","targetHints":{"allow":["GET"]}}],"collection":[{"href":"https:\/\/elos360.com.br\/index.php\/wp-json\/wp\/v2\/posts"}],"about":[{"href":"https:\/\/elos360.com.br\/index.php\/wp-json\/wp\/v2\/types\/post"}],"author":[{"embeddable":true,"href":"https:\/\/elos360.com.br\/index.php\/wp-json\/wp\/v2\/users\/2"}],"replies":[{"embeddable":true,"href":"https:\/\/elos360.com.br\/index.php\/wp-json\/wp\/v2\/comments?post=6844"}],"version-history":[{"count":1,"href":"https:\/\/elos360.com.br\/index.php\/wp-json\/wp\/v2\/posts\/6844\/revisions"}],"predecessor-version":[{"id":8465,"href":"https:\/\/elos360.com.br\/index.php\/wp-json\/wp\/v2\/posts\/6844\/revisions\/8465"}],"wp:featuredmedia":[{"embeddable":true,"href":"https:\/\/elos360.com.br\/index.php\/wp-json\/"}],"wp:attachment":[{"href":"https:\/\/elos360.com.br\/index.php\/wp-json\/wp\/v2\/media?parent=6844"}],"wp:term":[{"taxonomy":"category","embeddable":true,"href":"https:\/\/elos360.com.br\/index.php\/wp-json\/wp\/v2\/categories?post=6844"},{"taxonomy":"post_tag","embeddable":true,"href":"https:\/\/elos360.com.br\/index.php\/wp-json\/wp\/v2\/tags?post=6844"}],"curies":[{"name":"wp","href":"https:\/\/api.w.org\/{rel}","templated":true}]}}