{"id":6838,"date":"2020-03-25T11:16:00","date_gmt":"2020-03-25T14:16:00","guid":{"rendered":"https:\/\/elos360.com.br\/?p=6838"},"modified":"2025-02-03T09:47:35","modified_gmt":"2025-02-03T12:47:35","slug":"como-lidar-em-tempos-de-incertezas","status":"publish","type":"post","link":"https:\/\/elos360.com.br\/index.php\/2020\/03\/25\/como-lidar-em-tempos-de-incertezas\/","title":{"rendered":"Como lidar em tempos de incertezas"},"content":{"rendered":"\n<p>Engana-se quem pensa que estamos vivendo um tempo de incertezas. A vida, por si, &nbsp;\u00e9 incerta, din\u00e2mica, paradoxal, amb\u00edgua, e sensivelmente influenciada por cada um.&nbsp;Logo, viver \u00e9 incerto, impreciso e sempre foi.<\/p>\n\n\n\n<p><br>Dentro da perspectiva sist\u00eamica, que \u00e9 a base do trabalho da Elos360, o sofrimento ou a tens\u00e3o que vemos muitas vezes \u00e9 somente um indicador ou  um sintoma provocado por causas que podem ser:&nbsp;<br><\/p>\n\n\n\n<ol class=\"wp-block-list\">\n<li>uma mentalidade limitada que n\u00e3o atende as necessidades do contexto atual e nem consegue lidar com tanta complexidade e velocidade&nbsp;<\/li>\n\n\n\n<li>uma desarmonia do fluxo interdependente dos seus sistemas vivos ( pelo desrespeito de princ\u00edpios sist\u00eamicos)&nbsp;<\/li>\n\n\n\n<li>outras causas ou traumas<\/li>\n<\/ol>\n\n\n\n<h2 class=\"wp-block-heading\">O desafio<\/h2>\n\n\n\n<p><\/p>\n\n\n\n<p>O desafio, n\u00e3o s\u00f3 neste momento, \u00e9 desacelerar, voltar para dentro, fortalecer se e cuidar do outro e redefinir prioridades essenciais para um novo olhar e percep\u00e7\u00e3o de mundo.&nbsp;<br><\/p>\n\n\n\n<p>A pandemia que estamos vivendo somente est\u00e1 nos for\u00e7ando a aprender na for\u00e7a. Se quisermos uma vida e rela\u00e7\u00f5es saud\u00e1veis n\u00e3o podemos mais ser guiados pelo ego que rege a mentalidade tradicional individualista, fragmentada, racionalista e mecanicista.\u00a0<br><\/p>\n\n\n\n<p>\u00c9 este ego que se alimenta das emo\u00e7\u00f5es de futuro como o medo, a inseguran\u00e7a e a ansiedade e cria o sofrimento e a necessidade de saber e controlar.&nbsp;<br><\/p>\n\n\n\n<p>Ora, o medo \u00e9 fomentado pela ignor\u00e2ncia. Quando a mente \u00e9 guiada pelo ego ela cria mecanismos de defesa como a nega\u00e7\u00e3o, &nbsp;a ilus\u00e3o, a distor\u00e7\u00e3o, ou a racionaliza\u00e7\u00e3o e suas fortes convic\u00e7\u00f5es para n\u00e3o ter que lidar com a verdade nua e crua da vida.&nbsp;<br><\/p>\n\n\n\n<p>A verdade dif\u00edcil do ego aceitar \u00e9 que n\u00e3o se pode controlar ou antecipar o futuro e as coisas n\u00e3o acontecem no seu tempo e vontade. N\u00e3o se desapegar deste controle faz com que a mente fique fechada, r\u00edgida e protegida do que se considera amea\u00e7ador, ou seja, tudo o que \u00e9 novo e desconhece.&nbsp;<br><\/p>\n\n\n\n<p>Veja, o papel do ego \u00e9 &nbsp;gerenciar o mundo interno, buscar atender as necessidades individuais e&nbsp;trazer ordem e seguran\u00e7a. Para o ego os fins justificam os meios e por isso que muitos vivem de ilus\u00f5es, receios e sofrimentos criados pela mente que mente. &nbsp;<br><\/p>\n\n\n\n<p>Por outro lado, quando se percebe esta programa\u00e7\u00e3o mental e escolhe fazer um update mental para aprender a lidar com a vida, percebe-se que o processo de evolu\u00e7\u00e3o se faz fora da zona de conforto e sob um novo modelo mental.&nbsp;<br><\/p>\n\n\n\n<h2 class=\"wp-block-heading\">Um caminho<\/h2>\n\n\n\n<p>Um dos caminhos \u00e9 aproveitar a tens\u00e3o para dar um salto evolutivo no n\u00edvel de consci\u00eancia e escolher ser guiado pela ess\u00eancia que buscam o bem comum.<\/p>\n\n\n\n<p> E esta transforma\u00e7\u00e3o come\u00e7a comigo, com voc\u00ea e com cada um. Come\u00e7a com o controle do ego, come\u00e7a de dentro para fora e, para quem tem uma empresa, come\u00e7a de cima para baixo: pelo exemplo ou vontade de mudar.&nbsp;<\/p>\n\n\n\n<p><br>O trabalho da Elos360 ajuda estas pessoas e empresas que querem fazer diferente e, principalmente, querem fazer a diferen\u00e7a sob uma nova consci\u00eancia, com uma mentalidade sist\u00eamica capaz de lidar com a vida do jeito que ela \u00e9 e aprender a fluir em harmonia com esse mundo l\u00edquido, vol\u00e1til, din\u00e2mico e veloz.<\/p>\n\n\n\n<p><br>Atrav\u00e9s de mentorias sist\u00eamicas e encontros de desenvolvimentos individuais e em grupo, a Elos 360 ajuda as empresas a cuidar do seu campo relacional e transformar o seu campo estrutural para agir como sistemas org\u00e2nicos.<\/p>\n\n\n\n<p><br>A partir do autoconhecimento, da transforma\u00e7\u00e3o pessoal, do amadurecimento das rela\u00e7\u00f5es, da amplia\u00e7\u00e3o de perspectiva, da comunica\u00e7\u00e3o habilidosa, aut\u00eantica e emp\u00e1tica, da cria\u00e7\u00e3o de culturas e climas de confian\u00e7a, do despertar do prop\u00f3sito, da auto-gest\u00e3o ou gest\u00e3o colaborativa e de uma co-constru\u00e7\u00e3o colaborativa e amorosa.&nbsp;<br><\/p>\n\n\n\n<p>Vamos aprender e evoluir juntos. Este \u00e9 o meu prop\u00f3sito e o convite da Elos360. Se quiser &nbsp;ajuda nesta jornada conte comigo e <a href=\"https:\/\/elos360.com.br\">entre em contato \ud83d\ude09<\/a><\/p>\n<div class=\"clearfix\"><\/div>","protected":false},"excerpt":{"rendered":"<p>Engana-se quem pensa que estamos vivendo um tempo de incertezas. A vida, por si, &nbsp;\u00e9&#8230;<\/p>\n","protected":false},"author":2,"featured_media":6839,"comment_status":"closed","ping_status":"open","sticky":false,"template":"","format":"standard","meta":{"footnotes":""},"categories":[1],"tags":[125,126,127],"class_list":["post-6838","post","type-post","status-publish","format-standard","has-post-thumbnail","hentry","category-sem-categoria","tag-incertezas","tag-mentalidade","tag-mente"],"_links":{"self":[{"href":"https:\/\/elos360.com.br\/index.php\/wp-json\/wp\/v2\/posts\/6838","targetHints":{"allow":["GET"]}}],"collection":[{"href":"https:\/\/elos360.com.br\/index.php\/wp-json\/wp\/v2\/posts"}],"about":[{"href":"https:\/\/elos360.com.br\/index.php\/wp-json\/wp\/v2\/types\/post"}],"author":[{"embeddable":true,"href":"https:\/\/elos360.com.br\/index.php\/wp-json\/wp\/v2\/users\/2"}],"replies":[{"embeddable":true,"href":"https:\/\/elos360.com.br\/index.php\/wp-json\/wp\/v2\/comments?post=6838"}],"version-history":[{"count":2,"href":"https:\/\/elos360.com.br\/index.php\/wp-json\/wp\/v2\/posts\/6838\/revisions"}],"predecessor-version":[{"id":9047,"href":"https:\/\/elos360.com.br\/index.php\/wp-json\/wp\/v2\/posts\/6838\/revisions\/9047"}],"wp:featuredmedia":[{"embeddable":true,"href":"https:\/\/elos360.com.br\/index.php\/wp-json\/"}],"wp:attachment":[{"href":"https:\/\/elos360.com.br\/index.php\/wp-json\/wp\/v2\/media?parent=6838"}],"wp:term":[{"taxonomy":"category","embeddable":true,"href":"https:\/\/elos360.com.br\/index.php\/wp-json\/wp\/v2\/categories?post=6838"},{"taxonomy":"post_tag","embeddable":true,"href":"https:\/\/elos360.com.br\/index.php\/wp-json\/wp\/v2\/tags?post=6838"}],"curies":[{"name":"wp","href":"https:\/\/api.w.org\/{rel}","templated":true}]}}