{"id":6830,"date":"2020-03-08T11:14:55","date_gmt":"2020-03-08T14:14:55","guid":{"rendered":"https:\/\/elos360.com.br\/?p=6830"},"modified":"2021-07-12T15:24:41","modified_gmt":"2021-07-12T18:24:41","slug":"o-que-e-ser-feminista","status":"publish","type":"post","link":"https:\/\/elos360.com.br\/index.php\/2020\/03\/08\/o-que-e-ser-feminista\/","title":{"rendered":"O que \u00e9 ser feminista?"},"content":{"rendered":"\n<p>Muito tem se falado sobre feminismo ou ser feminista. O mundo mudou e com ele a percep\u00e7\u00e3o sobre a mulher e o seu papel na vida. Mas junto com esta jornada percebo muita confus\u00e3o e distor\u00e7\u00e3o sobre estes conceitos. Afinal, o que \u00e9 ser feminista?<\/p>\n\n\n<p>As palavras tem o poder de abrir compartimentos da mente recheados de significados e interpreta\u00e7\u00f5es. <\/p>\n\n\n<p>Logo, n\u00e3o adianta discutir diferen\u00e7as quando cada um tem o seu conceito sobre cada coisa. <\/p>\n\n\n<p>N\u00e3o adianta buscar convencer o outro sobre a sua verdade quando cada um v\u00ea atrav\u00e9s de suas pr\u00f3prias lentes e filtros mentais. <\/p>\n\n\n<p>N\u00e3o adianta e nem faz sentido se indignar ou se revoltar com a cren\u00e7a do outro. Afinal, n\u00e3o existe certo ou errado ou qualquer julgamento quando estamos neste lugar t\u00e3o \u00edntimo e individual que \u00e9 o mundo interior de cada um que contr\u00f3i a sua vis\u00e3o de mundo (ou paradigma).<\/p>\n\n\n<p>Jung conseguiu explicar quando estes conceitos se tornam cren\u00e7as\nuniversais chamadas arqu\u00e9tipos. Por exemplo, quando uma pessoa fala m\u00e3e, existe\num conceito geral que aciona uma imagem de uma mulher que d\u00e1 a vida a um filho,\ncuida e se sacrifica por ele al\u00e9m de ajudar a manter a fam\u00edlia unida.<\/p>\n\n\n<p>A palavra feminista, por exemplo, para algumas pessoas,&nbsp; \u00e9 traduzida pela imagem de uma mulher mal amada, revoltada e guerrilheira que luta pelos seus direitos de forma inflamada, que levanta uma bandeira contra os homens e o exclui de seus movimentos. Ou seja, julga e separa o bem do mau e foca apenas na irmandade feminina de m\u00e3os dadas onde ningu\u00e9m larga a m\u00e3o da outra numa marcha contra uma barricada masculina.&nbsp; <\/p>\n\n\n<p>Complementando, o perfil do esteri\u00f3tipo feminista, imagina se uma mulher que usa e abusa de caracter\u00edsticas masculinas, como a agressividade e a competi\u00e7\u00e3o (com os homens, claro!) e adora mostrar sua for\u00e7a atrav\u00e9s de poses masculinas e ar de superioridade. <\/p>\n\n\n<p>Muitos homens, abrem esta caixa mental e tem este conceito sobre\nser feminista. <\/p>\n\n\n<p>Posso dizer que h\u00e1 um tempo atr\u00e1s, meu marido tamb\u00e9m fazia parte deste lugar. Por tr\u00e1s de seus coment\u00e1rios percebi o medo de ver sua mulher surfar nesta onda radical cujo movimento exclui e agride os homens, uma vez que os v\u00ea como algozes. <\/p>\n\n\n<p>N\u00e3o adiantava tentar convenc\u00ea-lo do contr\u00e1rio, esta imagem foi\nconstru\u00edda por suas cren\u00e7as que traduziam e conceituavam o que era ser\nfeminista.<\/p>\n\n\n<p>Acontece que no ponto de virada do paradigma de qualquer \u00e9poca, a tend\u00eancia \u00e9 partir para o extremismo. O caminho, a meu ver, n\u00e3o \u00e9 nem um e nem outro extremo, mas o caminho do meio, da inclus\u00e3o dos diferentes, da aceita\u00e7\u00e3o, do respeito e da parceria.<\/p>\n\n\n<p>Com base no principio de que todo extremo \u00e9 perigoso e de que todo excesso \u00e9 veneno, seria natural pensar que se o machismo n\u00e3o \u00e9 algo bom, logo, o feminismo tamb\u00e9m n\u00e3o \u00e9. Acontece que o contr\u00e1rio de machismo n\u00e3o \u00e9 feminismo, mas femismo. Seu oposto extremo e antag\u00f4nico. <\/p>\n\n\n<p>Feminismo n\u00e3o \u00e9 ser contra os homens, mas a favor das mulheres. Simples assim, o complica e distorce \u00e9 a mente com toda a sua subjetividade que d\u00e1 significados as palavras.<\/p>\n\n\n<p>Particularmente n\u00e3o gosto da palavra feminismo, justamente\nporque abre muitas destas portas mentais equivocadas de sua verdadeira\ness\u00eancia. <\/p>\n\n\n<p>Prefiro o termo humanista para evitar distor\u00e7\u00f5es conceituais,\nmas feminismo \u00e9 diferente e precisamos entender o que \u00e9.<\/p>\n\n\n<h2 class=\"wp-block-heading\">O que \u00e9 feminismo? <\/h2>\n\n\n<p>Feminismo no dicion\u00e1rio \u00e9 uma doutrina que preconiza o aprimoramento e a amplia\u00e7\u00e3o do papel e dos direitos das mulheres na sociedade. O Wikip\u00e9dia define o feminismo como um conjunto de movimentos pol\u00edticos, sociais, ideologias e filosofias que t\u00eam como objetivo comum: direitos equ\u00e2nimes e uma viv\u00eancia humana por meio do empoderamento feminino e da liberta\u00e7\u00e3o de padr\u00f5es patriarcais, baseados em normas de g\u00eanero. <\/p>\n\n\n<p>Outro conceito de <strong>feminismo<\/strong> \u00e9 o movimento social que luta contra a viol\u00eancia de g\u00eanero e pela igualdade de direito e de condi\u00e7\u00f5es das mulheres.<\/p>\n\n\n<p>\u00c9 isso! Ser feminista \u00e9 apoiar estes movimentos que&nbsp; s\u00e3o a favor das mulheres e que n\u00e3o tem nada contra os homens, mas sim contra uma cultura machista que as desvalorizam e as prejudicam.<\/p>\n\n\n<h2 class=\"wp-block-heading\">Dados de realidade<\/h2>\n\n\n<p>Infelizmente milhares de&nbsp; mulheres ainda sofrem nas m\u00e3os de homens que perpetuam um padr\u00e3o de desrespeito, viol\u00eancia e ignor\u00e2ncia proveniente do machismo. este padr\u00e3o \u00e9 sist\u00eamico, ou seja, proveniente dos seus sistemas coletivos,  familiares e sociais.<\/p>\n\n\n<p>Segundo dados da <a href=\"https:\/\/pt.m.wikipedia.org\/wiki\/Organiza%C3%A7%C3%A3o_Mundial_da_Sa%C3%BAde\">Organiza\u00e7\u00e3o Mundial da\nSa\u00fade<\/a>, o Brasil encontra-se em quinto lugar na\nposi\u00e7\u00e3o de homic\u00eddios a mulheres, com 4,8 homic\u00eddios por 100 mil mulheres,\nestando abaixo apenas de <a href=\"https:\/\/pt.m.wikipedia.org\/wiki\/El_Salvador\">El Salvador<\/a>, <a href=\"https:\/\/pt.m.wikipedia.org\/wiki\/Col%C3%B4mbia\">Col\u00f4mbia<\/a>, <a href=\"https:\/\/pt.m.wikipedia.org\/wiki\/Guatemala\">Guatemala<\/a> e <a href=\"https:\/\/pt.m.wikipedia.org\/wiki\/R%C3%BAssia\">R\u00fassia<\/a>. <\/p>\n\n\n<p>O estad\u00e3o publicou os dados do <a href=\"http:\/\/www.forumseguranca.org.br\/publicacoes\/10o-anuario-brasileiro-de-seguranca-publica\/\">Anu\u00e1rio Brasileiro de\nSeguran\u00e7a P\u00fablic<\/a>a que revelam que o\nBrasil <strong>registrou<\/strong> 1 estupro a cada 11 minutos em 2015, calculando a medieval taxa\nde quase <strong>meio milh\u00e3o<\/strong> de estupros a cada ano.&nbsp;<\/p>\n\n\n<p>Na Fonte: <a href=\"http:\/\/www.relogiosdaviolencia.com.br\/\">Rel\u00f3gios da Viol\u00eancia<\/a>, do Instituto Maria da Penha), a cada 7.2 segundos uma mulher \u00e9\nv\u00edtima DE VIOL\u00caNCIA F\u00cdSICA. <\/p>\n\n\n<p>Indicadores revelam que as mortes de mulheres negras est\u00e3o <strong>aumentando<\/strong> em 54% enquanto o de\nbrancas diminuiu (9,8%). (Fonte: <a href=\"http:\/\/www.agenciapatriciagalvao.org.br\/dossie\/pesquisas\/mapa-da-violencia-2015-homicidio-de-mulheres-no-brasil-flacsoopas-omsonu-mulheresspm-2015\/\">Mapa da Viol\u00eancia 2015<\/a>)<\/p>\n\n\n<p>Somente em 2015, a Central de Atendimento realizou 1 atendimento\n<strong>a cada 42 segundos<\/strong>, somando quase 5 milh\u00f5es de atendimentos desde 2005.(Dados\ndivulgados pelo <a href=\"http:\/\/www.agenciapatriciagalvao.org.br\/dossie\/pesquisas\/balanco-2015-do-ligue-180-central-de-atendimento-a-mulher-spm-2016\/\">Ligue 180<\/a>)<\/p>\n\n\n<p><strong>2 em cada 3 universit\u00e1rias<\/strong>\nbrasileiras disseram j\u00e1 ter sofrido algum tipo de viol\u00eancia (sexual,\npsicol\u00f3gica, moral ou f\u00edsica) no ambiente universit\u00e1rio. (Fonte: Pesquisa \u201c<a href=\"http:\/\/www.agenciapatriciagalvao.org.br\/dossie\/pesquisas\/violencia-contra-a-mulher-no-ambiente-universitario-data-popularinstituto-avon-2015\/\">Viol\u00eancia contra a\nmulher no ambiente universit\u00e1rio<\/a>\u201d, do Instituto Avon, de\n2015).<\/p>\n\n\n<p>Bom, os dados s\u00e3o muitos, mudam muito e est\u00e3o todos dispon\u00edveis na internet. <\/p>\n\n\n<p>Ser\u00e1 que esta realidade j\u00e1 \u00e9 um bom motivo para continuar e aumentar o movimento feminista, ou seja, a favor das mulheres?&nbsp;&nbsp;&nbsp;&nbsp; <\/p>\n\n\n<p>Alguns homens j\u00e1 se intitulam feministas atuando a favor de suas\ncausas, mas muitos ainda n\u00e3o sabem o que \u00e9 e nem como surgiu. <\/p>\n\n\n<h2 class=\"wp-block-heading\">O surgimento do movimento feminista <\/h2>\n\n\n<p>O feminismo surgiu como um&nbsp;\nmovimentos contr\u00e1rio \u00e0 viol\u00eancia e a desigualdade das mulheres. <\/p>\n\n\n<p>A primeira onda de feminismo surgiu no final do s\u00e9culo 19 e\nin\u00edcio do s\u00e9culo 20 nos Estados Unidos e na Europa a partir do contexto de\n&#8220;sociedade industrial e pol\u00edtica liberal&#8221;. <\/p>\n\n\n<p>A preocupa\u00e7\u00e3o com a igualdade de acesso e oportunidades para as\nmulheres desencadearam os &#8220;grupos feministas&#8221; marcando um per\u00edodo de\n&#8220;sufr\u00e1gio, independ\u00eancia, direitos \u00e0 nacionalidade, trabalho e igualdade\nde remunera\u00e7\u00e3o&#8221; para as mulheres.<\/p>\n\n\n<p>A segunda onda de movimentos feministas foi no final do p\u00f3s\nguerra,&nbsp; dos anos 60 at\u00e9 o in\u00edcio dos\nanos 70 sendo caracterizada como um per\u00edodo de liberta\u00e7\u00e3o das mulheres e o\nsurgimento de um ramo do feminismo conhecido como &#8220;feminismo\nradical&#8221;, caracterizado por movimentos pr\u00f3 direitos civis e igualdade que\ncondenava o &#8220;capitalismo&#8221;, o &#8220;imperialismo&#8221; e a\n&#8220;opress\u00e3o&#8221; das pessoas com base na no\u00e7\u00e3o de ra\u00e7a, etnia, identidade\nde g\u00eanero e orienta\u00e7\u00e3o sexual.<\/p>\n\n\n<p>A terceira onda de feminismo \u00e9 a do contexto atual liderada por\njovens feministas que fazem parte de uma ordem mundial globalizada com o\nadvento de novas tecnologias e com o foco em&nbsp;\nquest\u00f5es mais complexas como viol\u00eancia e pol\u00edticas de identidade,\ng\u00eanero, ra\u00e7a, classe e idade&#8221;<\/p>\n\n\n<h3 class=\"wp-block-heading\">Lutas e conquistas <\/h3>\n\n\n<p>Muitos movimentos e grupos feministas, tanto a n\u00edvel nacional\ncomo internacional conseguiram uma melhoria das condi\u00e7\u00f5es das mulheres atrav\u00e9s\ndo lobby de autoridades estatais e representantes eleitos, exigindo\nconfer\u00eancias sobre &#8220;quest\u00f5es de g\u00eanero&#8221;, assim como a cria\u00e7\u00e3o de\n&#8220;santu\u00e1rios, abrigos&#8221; e uma presta\u00e7\u00e3o de servi\u00e7os que ajudem a\nproteger mulheres vitimizadas de atos de viol\u00eancia.<\/p>\n\n\n<p>De acordo com estudos do senado federal, Nos anos 2000, \u00e9\nposs\u00edvel apontar uma evolu\u00e7\u00e3o tanto na legisla\u00e7\u00e3o quanto no desenvolvimento das\npol\u00edticas p\u00fablicas relativas ao enfrentamento \u00e0 viol\u00eancia contra as mulheres. <\/p>\n\n\n<p>Mesmo assim, o feminismo incomoda e amea\u00e7a muitos, assim como o\nmachismo. A grande diferen\u00e7a \u00e9 que o machismo mata e o feminismo procura\nimpedir mais mortes.<\/p>\n\n\n<h3 class=\"wp-block-heading\">Como seria o mundo sem as feministas e os seus movimentos ? <\/h3>\n\n\n<p>Enquanto a humanidade n\u00e3o amplia&nbsp;\na sua consci\u00eancia coletiva para o equil\u00edbrio e integra\u00e7\u00e3o das energias\nfeministas e masculinas para uma nova onda humanista, ainda precisaremos de\nfeministas. <\/p>\n\n\n<p>Seria um sonho realizado n\u00e3o termos mais feministas, porque seria o mesmo de n\u00e3o termos mais machistas. da mesma forma que temos homenagem ao dia da mulher, ao dia internacional da mulher entre outras. Por que s\u00f3 existe o dia da mulher e n\u00e3o existe do dia do homem? As homenagens s\u00e3o formas de honrar sofrimentos do passado, impedir o seu esquecimento e sua a repeti\u00e7\u00e3o.<\/p>\n\n\n<p>O pesadelo, por outro lado, \u00e9 a sua invers\u00e3o, ou seja, a repeti\u00e7\u00e3o inversa do machismo, ou seja, o aumento do femismo, ou a sua inflama\u00e7\u00e3o radical pela indigna\u00e7\u00e3o e raiva do passado e, ainda, do presente. <\/p>\n\n\n<p>Esta distor\u00e7\u00e3o do feminismo \u00e9 que confunde e prejudica todos. O movimento \u201cradical feminista\u201d tem a mesma narrativa de exclus\u00e3o e agressividade do machismo.<\/p>\n\n\n<p> Triste realidade que reflete apenas uma ferida n\u00e3o curada e uma necessidade de ferir para compensar, sem perceber a repeti\u00e7\u00e3o inconscientemente do mesmo processo doentio. (Agora, quem est\u00e1 agredindo, desvalorizando e excluindo quem?)<\/p>\n\n\n<p>A esperan\u00e7a \u00e9 que este movimento de mulheres revoltadas e\nradicais tamb\u00e9m evolua e que elas percebam que o caminho \u00e9 pela for\u00e7a do\nfeminino e n\u00e3o pelo poder do masculino. <\/p>\n\n\n<p>A for\u00e7a do feminino, por sua vez, tem a ver com gerir, cuidar da vida,  acolher, tem a ver com o afeto , a intui\u00e7\u00e3o, o di\u00e1logo, a colabora\u00e7\u00e3o e a integra\u00e7\u00e3o. <\/p>\n\n\n<p>Somente com a evolu\u00e7\u00e3o atrav\u00e9s desta integra\u00e7\u00e3o \u00e9 que um dia as mulheres feministas poder\u00e3o andar de m\u00e3os dadas uma com as outras e com os homens feministas tamb\u00e9m, num s\u00f3 movimento com o mesmo prop\u00f3sito: vivermos em paz com nossas diferen\u00e7as. <\/p>\n\n\n<p>E a\u00ed? O que voc\u00ea acha de ser feminista? Por acaso voc\u00ea conhece um grupo chamado Mulheres do Brasil? Venha conhecer aqui neste <a href=\"https:\/\/noticias.grupomulheresdobrasil.org.br\">link.<\/a> Vamos ajudar o Brasil a partir da for\u00e7a do feminino!<\/p>\n\n\n<p>Quer conhecer mais sobre lideran\u00e7a feminina e masculina? Clique aqui neste  <a href=\"https:\/\/elos360.com.br\/2020\/01\/27\/lideranca-masculina-ou-lideranca-feminina\/\">post <\/a>\ud83d\ude09<\/p>\n<div class=\"clearfix\"><\/div>","protected":false},"excerpt":{"rendered":"<p>Muito tem se falado sobre feminismo ou ser feminista. O mundo mudou e com ele&#8230;<\/p>\n","protected":false},"author":2,"featured_media":6831,"comment_status":"closed","ping_status":"open","sticky":false,"template":"","format":"standard","meta":{"footnotes":""},"categories":[37,1],"tags":[122,123,124],"class_list":["post-6830","post","type-post","status-publish","format-standard","has-post-thumbnail","hentry","category-geral","category-sem-categoria","tag-feminismo","tag-feminista","tag-femismo"],"_links":{"self":[{"href":"https:\/\/elos360.com.br\/index.php\/wp-json\/wp\/v2\/posts\/6830","targetHints":{"allow":["GET"]}}],"collection":[{"href":"https:\/\/elos360.com.br\/index.php\/wp-json\/wp\/v2\/posts"}],"about":[{"href":"https:\/\/elos360.com.br\/index.php\/wp-json\/wp\/v2\/types\/post"}],"author":[{"embeddable":true,"href":"https:\/\/elos360.com.br\/index.php\/wp-json\/wp\/v2\/users\/2"}],"replies":[{"embeddable":true,"href":"https:\/\/elos360.com.br\/index.php\/wp-json\/wp\/v2\/comments?post=6830"}],"version-history":[{"count":1,"href":"https:\/\/elos360.com.br\/index.php\/wp-json\/wp\/v2\/posts\/6830\/revisions"}],"predecessor-version":[{"id":8467,"href":"https:\/\/elos360.com.br\/index.php\/wp-json\/wp\/v2\/posts\/6830\/revisions\/8467"}],"wp:featuredmedia":[{"embeddable":true,"href":"https:\/\/elos360.com.br\/index.php\/wp-json\/"}],"wp:attachment":[{"href":"https:\/\/elos360.com.br\/index.php\/wp-json\/wp\/v2\/media?parent=6830"}],"wp:term":[{"taxonomy":"category","embeddable":true,"href":"https:\/\/elos360.com.br\/index.php\/wp-json\/wp\/v2\/categories?post=6830"},{"taxonomy":"post_tag","embeddable":true,"href":"https:\/\/elos360.com.br\/index.php\/wp-json\/wp\/v2\/tags?post=6830"}],"curies":[{"name":"wp","href":"https:\/\/api.w.org\/{rel}","templated":true}]}}