{"id":5813,"date":"2017-10-26T22:54:45","date_gmt":"2017-10-27T00:54:45","guid":{"rendered":"https:\/\/elos360.com.br\/?p=751"},"modified":"2021-07-12T15:31:55","modified_gmt":"2021-07-12T18:31:55","slug":"mudancas-disruptivas","status":"publish","type":"post","link":"https:\/\/elos360.com.br\/index.php\/2017\/10\/26\/mudancas-disruptivas\/","title":{"rendered":"Mudan\u00e7as Disruptivas: Como us\u00e1-las ao seu favor?"},"content":{"rendered":"<p><span style=\"vertical-align: inherit;\"><span style=\"vertical-align: inherit;\">Mudan\u00e7a d\u00e1 trabalho. Isso \u00e9 fato. Mas mudan\u00e7as disruptivas, al\u00e9m de dar mais trabalho, d\u00e1 medo em muita gente. mas por qu\u00ea ser\u00e1? A dif\u00edcil palavravinha &#8220;disruptiva&#8221; invoca uma revolu\u00e7\u00e3o ou uma transforma\u00e7\u00e3o radical, dessa forma, n\u00e3o \u00e9 uma simples mudan\u00e7a, mas um mergulho no desconhecido.<\/span><\/span><br \/>\n<span style=\"vertical-align: inherit;\"><span style=\"vertical-align: inherit;\">Este cen\u00e1rio, por sua vez, \u00e9 considerado uma amea\u00e7a para o nosso mundo interno. A incerteza \u00e9, simplesmente, aterrorizante para o ego, principalmente<\/span><span style=\"vertical-align: inherit;\">\u00a0para aqueles que n\u00e3o sabem lidar com suas emo\u00e7\u00f5es.\u00a0<\/span><\/span><br \/>\nMesmo sendo as mudan\u00e7as disruptivas o melhor caminho para se reinventar e continuar por cima da onda, muitos perdem as oportunidades e se afogam em in\u00fameras formas de resist\u00eancias.<br \/>\n<span style=\"vertical-align: inherit;\"><span style=\"vertical-align: inherit;\">O professor Rosabeth Moss Kanter explica algumas causas das resist\u00eancias como:<\/span><\/span><\/p>\n<ul>\n<li><strong><span style=\"vertical-align: inherit;\"><span style=\"vertical-align: inherit;\">Medo de perder o controle:<\/span><\/span><\/strong><span style=\"vertical-align: inherit;\"><span style=\"vertical-align: inherit;\"> uma mente (orientada pelo ego) tem uma preocupa\u00e7\u00e3o com uma perda de autonomia sobre o seu trabalho ou sobre o que acontece dentro do seu mundo controlado e repetitivo.<\/span><\/span><\/li>\n<li><strong><span style=\"vertical-align: inherit;\"><span style=\"vertical-align: inherit;\">Medo de n\u00e3o saber o que vai acontecer: <\/span><\/span><\/strong><span style=\"vertical-align: inherit;\"><span style=\"vertical-align: inherit;\">A mente tem pavor do excesso de incertezas e isso faz parte da pr\u00f3pria necessidade natural de controle. <\/span><span style=\"vertical-align: inherit;\">Ela prefere fazer uso de fantasias, pr\u00e9-conceitos, generaliza\u00e7\u00f5es e se relacionar com os seus achismos do que assumir que n\u00e3o sabe e nanoa tem o controle.\u00a0<\/span><span style=\"vertical-align: inherit;\">Essas pessoas, dessa forma, alimentam-se de inseguran\u00e7as, medos e ansiedades.<\/span><\/span><\/li>\n<li><strong><span style=\"vertical-align: inherit;\"><span style=\"vertical-align: inherit;\">Medo de n\u00e3o fazer mais parte:<\/span><\/span><\/strong><span style=\"vertical-align: inherit;\"><span style=\"vertical-align: inherit;\"> Pessoas resistem as mudan\u00e7as porque se sentem emboscadas e frustradas com a possibilidade de serem deixadas para tr\u00e1s. A surpresa \u00e9 um pesadelo, porque alimentam um modelo mental negativo e limitado.<\/span><\/span><\/li>\n<li><strong><span style=\"vertical-align: inherit;\"><span style=\"vertical-align: inherit;\">Medo de n\u00e3o dar conta:<\/span><\/span><\/strong><span style=\"vertical-align: inherit;\"><span style=\"vertical-align: inherit;\">\u00a0Pessoas resistem como mudan\u00e7as porque temem n\u00e3o s\u00e3o capazes de acompanhar o novo. As preocupa\u00e7\u00f5es quanto a compet\u00eancia acionam muitas defesas.<\/span><\/span><\/li>\n<\/ul>\n<p><span style=\"vertical-align: inherit;\"><span style=\"vertical-align: inherit;\">Inconscientemente, \u00e9 uma nova rea\u00e7\u00e3o autom\u00e1tica negativa frente ao novo. <\/span><span style=\"vertical-align: inherit;\">O ego demorou e esfor\u00e7ou se muito para construir uma zona de conforto e o inconsciente criou v\u00e1rios mecanismos de defesa para nossos afastar e nos proteger de qualquer objeto estranho que venha romper ou causar qualquer disrup\u00e7\u00e3o, ou grande e r\u00e1pida mudan\u00e7a no que \u00e9 conhecido e reconhecido como verdade.<\/span><\/span><br \/>\n<span style=\"font-size: 18pt;\"><strong><span style=\"vertical-align: inherit;\"><span style=\"vertical-align: inherit;\">Os comportamentos mais comuns nestes casos de resist\u00eancia \u200b\u200bs\u00e3o:<\/span><\/span><\/strong><\/span><\/p>\n<ul>\n<li><span style=\"vertical-align: inherit;\"><span style=\"vertical-align: inherit;\">a repeti\u00e7\u00e3o do jeito de pensar, sentir e agir &#8211; que \u00e9 uma <strong>forma sutil<\/strong> e inconsciente;<\/span><\/span><\/li>\n<li><span style=\"vertical-align: inherit;\"><span style=\"vertical-align: inherit;\">a nega\u00e7\u00e3o do novo jeito de pensar, sentir e agir e afastamento ou exclus\u00e3o dos agentes de mudan\u00e7a- que \u00e9 uma <strong>forma passiva<\/strong> de se fechar para uma possibilidade de algo diferente;<\/span><\/span><\/li>\n<li><span style=\"vertical-align: inherit;\"><span style=\"vertical-align: inherit;\">o julgamento, a cr\u00edtica, o confronto ou qualquer comportamento violento &#8211; que \u00e9 uma <strong>forma ativa<\/strong> de reagir e tentar destruir o novo ou o agente de mudan\u00e7a.<\/span><\/span><\/li>\n<\/ul>\n<h2><span style=\"vertical-align: inherit;\"><span style=\"vertical-align: inherit;\">Mas o que est\u00e1 por tr\u00e1s das mudan\u00e7as disruptivas?<\/span><\/span><\/h2>\n<p><span style=\"vertical-align: inherit;\"><span style=\"vertical-align: inherit;\">Otto Scharmer, pesquisador do <\/span><\/span><a href=\"http:\/\/web.mit.edu\/\"><span style=\"vertical-align: inherit;\"><span style=\"vertical-align: inherit;\">MIT<\/span><\/span><\/a><span style=\"vertical-align: inherit;\"><span style=\"vertical-align: inherit;\"> e autor do modelo <\/span><\/span><strong><span style=\"vertical-align: inherit;\"><span style=\"vertical-align: inherit;\">Theory U<\/span><\/span><\/strong><span style=\"vertical-align: inherit;\"><span style=\"vertical-align: inherit;\"> disse que &#8220;sempre que enfrentamos a disrup\u00e7\u00e3o, estas duas respostas est\u00e3o dispon\u00edveis para n\u00f3s: ou nos fechamos (pelo preconceito, pela\u00a0<\/span><\/span><em><span style=\"vertical-align: inherit;\"><span style=\"vertical-align: inherit;\">culpabilizac\u00e3o<\/span><\/span><\/em><span style=\"vertical-align: inherit;\"><span style=\"vertical-align: inherit;\"> e pelo medo) \u00a0ou nos mantemos abertos (por meio da curiosidade, da compaix\u00e3o e da coragem)&#8221;.<\/span><\/span><br \/>\n<span style=\"vertical-align: inherit;\"><span style=\"vertical-align: inherit;\">Ele continua dizendo que a capacidade que permite: perceber e<\/span><span style=\"vertical-align: inherit;\">\u00a0fazer uma escolha \u00e9 uma consci\u00eancia ou o autoconhecimento. Para mim, \u00e9 o ponto de alavancagem mais importante para as mudan\u00e7as positivas.<\/span><\/span><br \/>\n<span style=\"vertical-align: inherit;\"><span style=\"vertical-align: inherit;\">Dessa forma, se existe algo por tr\u00e1s das mudan\u00e7as, \u00e9 tudo o que acontece dentro do mundo interno. Ent\u00e3o, se quer usar as mudan\u00e7as disruptivas ao seu favor, prepare-se para um di\u00e1logo interno:<\/span><\/span><\/p>\n<ul>\n<li><span style=\"vertical-align: inherit;\"><span style=\"vertical-align: inherit;\">Que mudan\u00e7a \u00e9 essa? Escute esta nova consci\u00eancia do que se encontra dentro e fora do mundo interior\u00a0<\/span><\/span><\/li>\n<li><span style=\"vertical-align: inherit;\"><span style=\"vertical-align: inherit;\">Para que mudar? Porque eles querem mudar? Tenha claro as suas necessidades das mudan\u00e7as\u00a0<\/span><\/span><\/li>\n<li><span style=\"vertical-align: inherit;\"><span style=\"vertical-align: inherit;\">Quais s\u00e3o minhas cren\u00e7as sobre mudan\u00e7a? &#8220;Mudan\u00e7as s\u00e3o ru\u00ednas&#8221;, &#8220;n\u00e3o sei o que vai acontecer&#8221;, &#8220;aqui sempre foi assim&#8221;, &#8220;n\u00e3o sei fazer diferente&#8221;, &#8220;cheguei at\u00e9 aqui deste jeito&#8221;. Que tal transform\u00e1-las para positivas e construtivas?<\/span><\/span><\/li>\n<li><span style=\"vertical-align: inherit;\"><span style=\"vertical-align: inherit;\">Quais s\u00e3o meus pensamentos acionados pelas cren\u00e7as &#8211; &#8220;Ser\u00e1 que darei conta?&#8221;, &#8220;Ser\u00e1 que farei parte do processo e do futuro?&#8221;, &#8221; Ser\u00e1 que terei mais trabalho&#8221;, &#8221; Ser\u00e1 que essa mudan\u00e7a dificultaria as coisas para mim?&#8221; Questione se eles s\u00e3o reais!<\/span><\/span><\/li>\n<li><span style=\"vertical-align: inherit;\"><span style=\"vertical-align: inherit;\">Quais s\u00e3o minhas emo\u00e7\u00f5es acionadas pela possibilidade de mudan\u00e7a? Medo, ansiedade e inseguran\u00e7a.<\/span><\/span><\/li>\n<li><span style=\"vertical-align: inherit;\"><span style=\"vertical-align: inherit;\">Fa\u00e7a sua escolha frente tudo isso: eu me fecho ou eu me abro? Escolha!<\/span><\/span><\/li>\n<li><span style=\"vertical-align: inherit;\"><span style=\"vertical-align: inherit;\">Tome consci\u00eancia de suas posturas e a\u00e7\u00f5es: resisto, boicoto, nego, falo mal, procuro influenciar para n\u00e3o mudar, tento mostrar que n\u00e3o d\u00e1 certo, fujo e justifico, resisto e conven\u00e7o manter assim?<\/span><\/span><\/li>\n<\/ul>\n<p><span style=\"vertical-align: inherit;\"><span style=\"vertical-align: inherit;\">A escolha \u00e9 sua e \u00e9 o que temos de maior poder de mudan\u00e7a e transforma\u00e7\u00e3o!\u00a0<\/span><\/span><br \/>\n<span style=\"vertical-align: inherit;\"><span style=\"vertical-align: inherit;\">A mudan\u00e7a, por sua vez, nos faz u<\/span><span style=\"vertical-align: inherit;\">m convite irrecus\u00e1vel: navegar nas ondas do futuro e fazer uma diferen\u00e7a no mundo. <\/span><span style=\"vertical-align: inherit;\">Ent\u00e3o, voc\u00ea est\u00e1 preparado para essa aventura que \u00e9 viver? Voc\u00ea est\u00e1 preparado para as incertezas? \u00a0\u00a0<\/span><\/span><br \/>\n<span style=\"vertical-align: inherit;\"><span style=\"vertical-align: inherit;\">Uma coisa \u00e9 certa: As poucas certezas da vida \u00e9 a pr\u00f3pria mudan\u00e7a e o fato que\u00a0<\/span><\/span><em><span style=\"vertical-align: inherit;\"><span style=\"vertical-align: inherit;\">&#8220;mar\u00e9s mansas n\u00e3o fazem bons marinheiros&#8221;.\u00a0<\/span><\/span><\/em><\/p>\n<div id=\"newsletter-pos-artigo-29725a5dcbb3a8547127\"><\/div>\n<p><script type=\"text\/javascript\" src=\"https:\/\/d335luupugsy2.cloudfront.net\/js\/rdstation-forms\/stable\/rdstation-forms.min.js\"><\/script><br \/>\n<script type=\"text\/javascript\"><br \/>\n  new RDStationForms('newsletter-pos-artigo-29725a5dcbb3a8547127-html', 'UA-71518009-1').createForm();<br \/>\n<\/script><\/p>\n<div class=\"clearfix\"><\/div>","protected":false},"excerpt":{"rendered":"<p>Mudan\u00e7a d\u00e1 trabalho. Isso \u00e9 fato. Mas mudan\u00e7as disruptivas, al\u00e9m de dar mais trabalho, d\u00e1&#8230;<\/p>\n","protected":false},"author":2,"featured_media":6155,"comment_status":"open","ping_status":"open","sticky":false,"template":"","format":"standard","meta":{"footnotes":""},"categories":[37,35],"tags":[86,87],"class_list":["post-5813","post","type-post","status-publish","format-standard","has-post-thumbnail","hentry","category-geral","category-lideranca","tag-inovacao-disruptiva","tag-mudancas"],"_links":{"self":[{"href":"https:\/\/elos360.com.br\/index.php\/wp-json\/wp\/v2\/posts\/5813","targetHints":{"allow":["GET"]}}],"collection":[{"href":"https:\/\/elos360.com.br\/index.php\/wp-json\/wp\/v2\/posts"}],"about":[{"href":"https:\/\/elos360.com.br\/index.php\/wp-json\/wp\/v2\/types\/post"}],"author":[{"embeddable":true,"href":"https:\/\/elos360.com.br\/index.php\/wp-json\/wp\/v2\/users\/2"}],"replies":[{"embeddable":true,"href":"https:\/\/elos360.com.br\/index.php\/wp-json\/wp\/v2\/comments?post=5813"}],"version-history":[{"count":1,"href":"https:\/\/elos360.com.br\/index.php\/wp-json\/wp\/v2\/posts\/5813\/revisions"}],"predecessor-version":[{"id":8514,"href":"https:\/\/elos360.com.br\/index.php\/wp-json\/wp\/v2\/posts\/5813\/revisions\/8514"}],"wp:featuredmedia":[{"embeddable":true,"href":"https:\/\/elos360.com.br\/index.php\/wp-json\/"}],"wp:attachment":[{"href":"https:\/\/elos360.com.br\/index.php\/wp-json\/wp\/v2\/media?parent=5813"}],"wp:term":[{"taxonomy":"category","embeddable":true,"href":"https:\/\/elos360.com.br\/index.php\/wp-json\/wp\/v2\/categories?post=5813"},{"taxonomy":"post_tag","embeddable":true,"href":"https:\/\/elos360.com.br\/index.php\/wp-json\/wp\/v2\/tags?post=5813"}],"curies":[{"name":"wp","href":"https:\/\/api.w.org\/{rel}","templated":true}]}}